{"id":7,"date":"2012-12-05T15:07:18","date_gmt":"2012-12-05T13:07:18","guid":{"rendered":"http:\/\/aber-natuerlich.de\/magazin\/?p=7"},"modified":"2013-01-15T15:06:39","modified_gmt":"2013-01-15T13:06:39","slug":"nikolaus-ausmalbilder","status":"publish","type":"post","link":"https:\/\/aber-natuerlich.de\/magazin\/malen-basteln\/ausmalbilder\/nikolaus-ausmalbilder.html","title":{"rendered":"Nikolaus Ausmalbilder"},"content":{"rendered":"<h2>Sch\u00f6ne Ausmalbilder zum Thema Nikolaus.<\/h2>\n<p>Der 6. Dezember ist f\u00fcr Kinder ein besonderes Datum. Denn da steht er vor der T\u00fcr, mit seinem langen wei\u00dfen Bart und seinem roten Mantel, der Nikolaus. Er beobachtet die Kinder das ganze Jahr &#8211; wer besonders artig war, bekommt eine sch\u00f6ne \u00dcberraschung.<\/p>\n<p><strong><em>F\u00fcr die Gro\u00dfanzeige der Bilder einfach auf das Motiv klicken.<\/em><\/strong><\/p>\n<div id=\"attachment_9\" style=\"width: 303px\" class=\"wp-caption alignnone\"><a href=\"https:\/\/aber-natuerlich.de\/magazin\/wp-content\/uploads\/2012\/12\/nikolaus-geschenksack.jpg\" target=\"_blank\"><img loading=\"lazy\" decoding=\"async\" aria-describedby=\"caption-attachment-9\" class=\"size-medium wp-image-9 \" title=\"Der Nikolaus hat immer seinen Geschenkesack dabei.\" src=\"https:\/\/aber-natuerlich.de\/magazin\/wp-content\/uploads\/2012\/12\/nikolaus-geschenksack-293x300.jpg\" alt=\"Nikolaus Geschenksack\" width=\"293\" height=\"300\" srcset=\"https:\/\/aber-natuerlich.de\/magazin\/wp-content\/uploads\/2012\/12\/nikolaus-geschenksack-293x300.jpg 293w, https:\/\/aber-natuerlich.de\/magazin\/wp-content\/uploads\/2012\/12\/nikolaus-geschenksack-1003x1024.jpg 1003w\" sizes=\"auto, (max-width: 293px) 100vw, 293px\" \/><\/a><p id=\"caption-attachment-9\" class=\"wp-caption-text\">Wenn der Nikolaus mit seinem Geschenksack kommt, freuen sich alle Kinder.<\/p><\/div>\n<p>&nbsp;<\/p>\n<div id=\"attachment_10\" style=\"width: 310px\" class=\"wp-caption alignnone\"><a href=\"https:\/\/aber-natuerlich.de\/magazin\/wp-content\/uploads\/2012\/12\/winter-schlitten.jpg\" target=\"_blank\"><img loading=\"lazy\" decoding=\"async\" aria-describedby=\"caption-attachment-10\" class=\" wp-image-10 \" title=\"Im Winter Schlitten fahren\" src=\"https:\/\/aber-natuerlich.de\/magazin\/wp-content\/uploads\/2012\/12\/winter-schlitten-300x212.jpg\" alt=\"Winter Schlitten\" width=\"300\" height=\"212\" srcset=\"https:\/\/aber-natuerlich.de\/magazin\/wp-content\/uploads\/2012\/12\/winter-schlitten-300x212.jpg 300w, https:\/\/aber-natuerlich.de\/magazin\/wp-content\/uploads\/2012\/12\/winter-schlitten-1024x725.jpg 1024w\" sizes=\"auto, (max-width: 300px) 100vw, 300px\" \/><\/a><p id=\"caption-attachment-10\" class=\"wp-caption-text\">Im Winter ist das Schlittenfahren besonders sch\u00f6n.<\/p><\/div>\n<p>&nbsp;<\/p>\n<div id=\"attachment_11\" style=\"width: 211px\" class=\"wp-caption alignnone\"><a href=\"https:\/\/aber-natuerlich.de\/magazin\/wp-content\/uploads\/2012\/12\/sanct-nikolaus.jpg\" target=\"_blank\"><img loading=\"lazy\" decoding=\"async\" aria-describedby=\"caption-attachment-11\" class=\"size-medium wp-image-11\" title=\"Sanct Nikolaus mit seinem langen wei\u00dfen Bart\" src=\"https:\/\/aber-natuerlich.de\/magazin\/wp-content\/uploads\/2012\/12\/sanct-nikolaus-201x300.jpg\" alt=\"Sanct Nikolaus\" width=\"201\" height=\"300\" srcset=\"https:\/\/aber-natuerlich.de\/magazin\/wp-content\/uploads\/2012\/12\/sanct-nikolaus-201x300.jpg 201w, https:\/\/aber-natuerlich.de\/magazin\/wp-content\/uploads\/2012\/12\/sanct-nikolaus-688x1024.jpg 688w\" sizes=\"auto, (max-width: 201px) 100vw, 201px\" \/><\/a><p id=\"caption-attachment-11\" class=\"wp-caption-text\">Der Nikolaus kommt jedes Jahr am 6. Dezember<\/p><\/div>\n<p>&nbsp;<\/p>\n<div id=\"attachment_12\" style=\"width: 246px\" class=\"wp-caption alignnone\"><a href=\"https:\/\/aber-natuerlich.de\/magazin\/wp-content\/uploads\/2012\/12\/schneemann-bauen.jpg\" target=\"_blank\"><img loading=\"lazy\" decoding=\"async\" aria-describedby=\"caption-attachment-12\" class=\"size-medium wp-image-12\" title=\"Schneemann bauen im Winter\" src=\"https:\/\/aber-natuerlich.de\/magazin\/wp-content\/uploads\/2012\/12\/schneemann-bauen-236x300.jpg\" alt=\"Schneemann bauen\" width=\"236\" height=\"300\" srcset=\"https:\/\/aber-natuerlich.de\/magazin\/wp-content\/uploads\/2012\/12\/schneemann-bauen-236x300.jpg 236w, https:\/\/aber-natuerlich.de\/magazin\/wp-content\/uploads\/2012\/12\/schneemann-bauen-806x1024.jpg 806w\" sizes=\"auto, (max-width: 236px) 100vw, 236px\" \/><\/a><p id=\"caption-attachment-12\" class=\"wp-caption-text\">Wenn es drau\u00dfen kalt ist und der Schnee liegt, macht Schneemann bauen eine Menge Spa\u00df.<\/p><\/div>\n<p>&nbsp;<\/p>\n<div id=\"attachment_16\" style=\"width: 304px\" class=\"wp-caption alignnone\"><a href=\"https:\/\/aber-natuerlich.de\/magazin\/wp-content\/uploads\/2012\/12\/winter-nacht1.jpg\" target=\"_blank\"><img loading=\"lazy\" decoding=\"async\" aria-describedby=\"caption-attachment-16\" class=\" wp-image-16\" title=\"Sternen besetzter Himmel in einer Winternacht\" src=\"https:\/\/aber-natuerlich.de\/magazin\/wp-content\/uploads\/2012\/12\/winter-nacht1-294x300.jpg\" alt=\"Winter Nacht\" width=\"294\" height=\"300\" srcset=\"https:\/\/aber-natuerlich.de\/magazin\/wp-content\/uploads\/2012\/12\/winter-nacht1-294x300.jpg 294w, https:\/\/aber-natuerlich.de\/magazin\/wp-content\/uploads\/2012\/12\/winter-nacht1-1006x1024.jpg 1006w\" sizes=\"auto, (max-width: 294px) 100vw, 294px\" \/><\/a><p id=\"caption-attachment-16\" class=\"wp-caption-text\">In einer winterlichen Nacht glitzern die Sterne am Himmel herab.<\/p><\/div>\n<p>&nbsp;<\/p>\n","protected":false},"excerpt":{"rendered":"<p>Sch\u00f6ne Ausmalbilder zum Thema Nikolaus. Der 6. Dezember ist f\u00fcr Kinder ein besonderes Datum. Denn da steht er vor der T\u00fcr, mit seinem langen wei\u00dfen Bart und seinem roten Mantel, der Nikolaus. Er beobachtet die Kinder das ganze Jahr &#8211; wer besonders artig war, bekommt eine sch\u00f6ne \u00dcberraschung. F\u00fcr die Gro\u00dfanzeige der Bilder einfach auf [&hellip;]<\/p>\n","protected":false},"author":2,"featured_media":0,"comment_status":"open","ping_status":"open","sticky":false,"template":"","format":"standard","meta":{"footnotes":""},"categories":[4],"tags":[],"class_list":["post-7","post","type-post","status-publish","format-standard","hentry","category-ausmalbilder"],"_links":{"self":[{"href":"https:\/\/aber-natuerlich.de\/magazin\/wp-json\/wp\/v2\/posts\/7","targetHints":{"allow":["GET"]}}],"collection":[{"href":"https:\/\/aber-natuerlich.de\/magazin\/wp-json\/wp\/v2\/posts"}],"about":[{"href":"https:\/\/aber-natuerlich.de\/magazin\/wp-json\/wp\/v2\/types\/post"}],"author":[{"embeddable":true,"href":"https:\/\/aber-natuerlich.de\/magazin\/wp-json\/wp\/v2\/users\/2"}],"replies":[{"embeddable":true,"href":"https:\/\/aber-natuerlich.de\/magazin\/wp-json\/wp\/v2\/comments?post=7"}],"version-history":[{"count":18,"href":"https:\/\/aber-natuerlich.de\/magazin\/wp-json\/wp\/v2\/posts\/7\/revisions"}],"predecessor-version":[{"id":15,"href":"https:\/\/aber-natuerlich.de\/magazin\/wp-json\/wp\/v2\/posts\/7\/revisions\/15"}],"wp:attachment":[{"href":"https:\/\/aber-natuerlich.de\/magazin\/wp-json\/wp\/v2\/media?parent=7"}],"wp:term":[{"taxonomy":"category","embeddable":true,"href":"https:\/\/aber-natuerlich.de\/magazin\/wp-json\/wp\/v2\/categories?post=7"},{"taxonomy":"post_tag","embeddable":true,"href":"https:\/\/aber-natuerlich.de\/magazin\/wp-json\/wp\/v2\/tags?post=7"}],"curies":[{"name":"wp","href":"https:\/\/api.w.org\/{rel}","templated":true}]}}