{"id":89,"date":"2013-04-17T17:30:37","date_gmt":"2013-04-17T15:30:37","guid":{"rendered":"http:\/\/aber-natuerlich.de\/magazin\/?p=89"},"modified":"2013-04-17T17:31:47","modified_gmt":"2013-04-17T15:31:47","slug":"gratis-malvorlagen-zum-thema-garten","status":"publish","type":"post","link":"https:\/\/aber-natuerlich.de\/magazin\/malen-basteln\/ausmalbilder\/gratis-malvorlagen-zum-thema-garten.html","title":{"rendered":"Gratis Malvorlagen zum Thema Garten"},"content":{"rendered":"<p>Ein kleiner Spaziergang durch den eigenen Garten kann richtig erholsam sein. \u00dcberall gibt es etwas zu entdecken. Sch\u00f6ne Blumen, Tiere und viel frische Luft. Wer sich und seinen Kindern die Natur in sein Wohnzimmer holen m\u00f6chte, findet hier gratis Malvorlagen zum Thema Garten.<\/p>\n<div id=\"attachment_90\" style=\"width: 310px\" class=\"wp-caption alignleft\"><a href=\"https:\/\/aber-natuerlich.de\/magazin\/wp-content\/uploads\/2013\/01\/garten-gaertner-1.jpg\"><img loading=\"lazy\" decoding=\"async\" aria-describedby=\"caption-attachment-90\" class=\" wp-image-90\" title=\"G\u00e4rtner gie\u00dft Blumen\" alt=\"Gartenarbeiten\" src=\"https:\/\/aber-natuerlich.de\/magazin\/wp-content\/uploads\/2013\/01\/garten-gaertner-1-300x210.jpg\" width=\"300\" height=\"210\" srcset=\"https:\/\/aber-natuerlich.de\/magazin\/wp-content\/uploads\/2013\/01\/garten-gaertner-1-300x210.jpg 300w, https:\/\/aber-natuerlich.de\/magazin\/wp-content\/uploads\/2013\/01\/garten-gaertner-1-1024x717.jpg 1024w\" sizes=\"auto, (max-width: 300px) 100vw, 300px\" \/><\/a><p id=\"caption-attachment-90\" class=\"wp-caption-text\">Der G\u00e4rtner gie\u00dft die Blumen, damit sie wachsen und gedeihen.<\/p><\/div>\n<div id=\"attachment_91\" style=\"width: 310px\" class=\"wp-caption alignleft\"><a href=\"https:\/\/aber-natuerlich.de\/magazin\/wp-content\/uploads\/2013\/01\/garten-maulwurf-2.jpg\"><img loading=\"lazy\" decoding=\"async\" aria-describedby=\"caption-attachment-91\" class=\"size-medium wp-image-91\" title=\"Der Maulwurf Willi guckt aus seiner H\u00f6hle\" alt=\"Maulwurf im Garten\" src=\"https:\/\/aber-natuerlich.de\/magazin\/wp-content\/uploads\/2013\/01\/garten-maulwurf-2-300x210.jpg\" width=\"300\" height=\"210\" srcset=\"https:\/\/aber-natuerlich.de\/magazin\/wp-content\/uploads\/2013\/01\/garten-maulwurf-2-300x210.jpg 300w, https:\/\/aber-natuerlich.de\/magazin\/wp-content\/uploads\/2013\/01\/garten-maulwurf-2-1024x717.jpg 1024w\" sizes=\"auto, (max-width: 300px) 100vw, 300px\" \/><\/a><p id=\"caption-attachment-91\" class=\"wp-caption-text\">Der Maulwurf Willi guckt aus seiner H\u00f6hle hinaus.<\/p><\/div>\n<div id=\"attachment_92\" style=\"width: 310px\" class=\"wp-caption alignleft\"><a href=\"https:\/\/aber-natuerlich.de\/magazin\/wp-content\/uploads\/2013\/01\/garten-baum-3.jpg\"><img loading=\"lazy\" decoding=\"async\" aria-describedby=\"caption-attachment-92\" class=\"size-medium wp-image-92\" title=\"Am Apfelbaum h\u00e4ngt ein gro\u00dfer Apfel\" alt=\"Apfel am Baum\" src=\"https:\/\/aber-natuerlich.de\/magazin\/wp-content\/uploads\/2013\/01\/garten-baum-3-300x246.jpg\" width=\"300\" height=\"246\" srcset=\"https:\/\/aber-natuerlich.de\/magazin\/wp-content\/uploads\/2013\/01\/garten-baum-3-300x246.jpg 300w, https:\/\/aber-natuerlich.de\/magazin\/wp-content\/uploads\/2013\/01\/garten-baum-3-1024x840.jpg 1024w\" sizes=\"auto, (max-width: 300px) 100vw, 300px\" \/><\/a><p id=\"caption-attachment-92\" class=\"wp-caption-text\">Im Herbst tr\u00e4gt der Apfelbaum Fr\u00fcchte.<\/p><\/div>\n<div id=\"attachment_93\" style=\"width: 310px\" class=\"wp-caption alignleft\"><a href=\"https:\/\/aber-natuerlich.de\/magazin\/wp-content\/uploads\/2013\/01\/garten-vogel-4.jpg\"><img loading=\"lazy\" decoding=\"async\" aria-describedby=\"caption-attachment-93\" class=\"size-medium wp-image-93\" title=\"V\u00f6gel zwitschern im Garten ein Lied\" alt=\"Ein Vogel sitzt auf dem Ast\" src=\"https:\/\/aber-natuerlich.de\/magazin\/wp-content\/uploads\/2013\/01\/garten-vogel-4-300x210.jpg\" width=\"300\" height=\"210\" srcset=\"https:\/\/aber-natuerlich.de\/magazin\/wp-content\/uploads\/2013\/01\/garten-vogel-4-300x210.jpg 300w, https:\/\/aber-natuerlich.de\/magazin\/wp-content\/uploads\/2013\/01\/garten-vogel-4-1024x717.jpg 1024w\" sizes=\"auto, (max-width: 300px) 100vw, 300px\" \/><\/a><p id=\"caption-attachment-93\" class=\"wp-caption-text\">V\u00f6gel zwitschern im Garten ein Lied.<\/p><\/div>\n<div id=\"attachment_94\" style=\"width: 310px\" class=\"wp-caption alignleft\"><a href=\"https:\/\/aber-natuerlich.de\/magazin\/wp-content\/uploads\/2013\/01\/garten-apfel-5.jpg\"><img loading=\"lazy\" decoding=\"async\" aria-describedby=\"caption-attachment-94\" class=\"size-medium wp-image-94\" title=\"Der Wurm Arni frisst sich durch den Apfel\" alt=\"Wurm im Apfel\" src=\"https:\/\/aber-natuerlich.de\/magazin\/wp-content\/uploads\/2013\/01\/garten-apfel-5-300x291.jpg\" width=\"300\" height=\"291\" srcset=\"https:\/\/aber-natuerlich.de\/magazin\/wp-content\/uploads\/2013\/01\/garten-apfel-5-300x291.jpg 300w, https:\/\/aber-natuerlich.de\/magazin\/wp-content\/uploads\/2013\/01\/garten-apfel-5-1024x994.jpg 1024w\" sizes=\"auto, (max-width: 300px) 100vw, 300px\" \/><\/a><p id=\"caption-attachment-94\" class=\"wp-caption-text\">Der Wurm Arni frisst sich durch den Apfel.<\/p><\/div>\n<div id=\"attachment_95\" style=\"width: 282px\" class=\"wp-caption alignleft\"><a href=\"https:\/\/aber-natuerlich.de\/magazin\/wp-content\/uploads\/2013\/01\/garten-katze-6.jpg\"><img loading=\"lazy\" decoding=\"async\" aria-describedby=\"caption-attachment-95\" class=\" wp-image-95\" title=\"Die Katze Minka sonnt sich gem\u00fctlich im Garten.\" alt=\"Katze sonnt sich\" src=\"https:\/\/aber-natuerlich.de\/magazin\/wp-content\/uploads\/2013\/01\/garten-katze-6-272x300.jpg\" width=\"272\" height=\"300\" srcset=\"https:\/\/aber-natuerlich.de\/magazin\/wp-content\/uploads\/2013\/01\/garten-katze-6-272x300.jpg 272w, https:\/\/aber-natuerlich.de\/magazin\/wp-content\/uploads\/2013\/01\/garten-katze-6-928x1024.jpg 928w\" sizes=\"auto, (max-width: 272px) 100vw, 272px\" \/><\/a><p id=\"caption-attachment-95\" class=\"wp-caption-text\">Die Katze Minka sonnt sich gem\u00fctlich im Garten.<\/p><\/div>\n<div id=\"attachment_96\" style=\"width: 220px\" class=\"wp-caption alignleft\"><a href=\"https:\/\/aber-natuerlich.de\/magazin\/wp-content\/uploads\/2013\/01\/garten-blume-7.jpg\"><img loading=\"lazy\" decoding=\"async\" aria-describedby=\"caption-attachment-96\" class=\"size-medium wp-image-96\" title=\"Tief im Gras wohnen viele Insekten.\" alt=\"K\u00e4fer im Garten\" src=\"https:\/\/aber-natuerlich.de\/magazin\/wp-content\/uploads\/2013\/01\/garten-blume-7-210x300.jpg\" width=\"210\" height=\"300\" srcset=\"https:\/\/aber-natuerlich.de\/magazin\/wp-content\/uploads\/2013\/01\/garten-blume-7-210x300.jpg 210w, https:\/\/aber-natuerlich.de\/magazin\/wp-content\/uploads\/2013\/01\/garten-blume-7-717x1024.jpg 717w\" sizes=\"auto, (max-width: 210px) 100vw, 210px\" \/><\/a><p id=\"caption-attachment-96\" class=\"wp-caption-text\">Tief im Gras wohnen viele Insekten.<\/p><\/div>\n<div id=\"attachment_97\" style=\"width: 310px\" class=\"wp-caption alignleft\"><a href=\"https:\/\/aber-natuerlich.de\/magazin\/wp-content\/uploads\/2013\/01\/garten-sonne-8.jpg\"><img loading=\"lazy\" decoding=\"async\" aria-describedby=\"caption-attachment-97\" class=\"size-medium wp-image-97\" title=\"Wenn die Sonne in den Garten scheint, ist es am sch\u00f6nsten. \" alt=\"Die Sonne lacht\" src=\"https:\/\/aber-natuerlich.de\/magazin\/wp-content\/uploads\/2013\/01\/garten-sonne-8-300x210.jpg\" width=\"300\" height=\"210\" srcset=\"https:\/\/aber-natuerlich.de\/magazin\/wp-content\/uploads\/2013\/01\/garten-sonne-8-300x210.jpg 300w, https:\/\/aber-natuerlich.de\/magazin\/wp-content\/uploads\/2013\/01\/garten-sonne-8-1024x717.jpg 1024w\" sizes=\"auto, (max-width: 300px) 100vw, 300px\" \/><\/a><p id=\"caption-attachment-97\" class=\"wp-caption-text\">Wenn die Sonne in den Garten scheint, ist es am sch\u00f6nsten.<\/p><\/div>\n<div id=\"attachment_98\" style=\"width: 271px\" class=\"wp-caption alignleft\"><a href=\"https:\/\/aber-natuerlich.de\/magazin\/wp-content\/uploads\/2013\/01\/garten-hund-9.jpg\"><img loading=\"lazy\" decoding=\"async\" aria-describedby=\"caption-attachment-98\" class=\"size-medium wp-image-98\" title=\"Auch Hunde lieben den Garten.\" alt=\"Hund sitzt im Garten\" src=\"https:\/\/aber-natuerlich.de\/magazin\/wp-content\/uploads\/2013\/01\/garten-hund-9-261x300.jpg\" width=\"261\" height=\"300\" srcset=\"https:\/\/aber-natuerlich.de\/magazin\/wp-content\/uploads\/2013\/01\/garten-hund-9-261x300.jpg 261w, https:\/\/aber-natuerlich.de\/magazin\/wp-content\/uploads\/2013\/01\/garten-hund-9-892x1024.jpg 892w\" sizes=\"auto, (max-width: 261px) 100vw, 261px\" \/><\/a><p id=\"caption-attachment-98\" class=\"wp-caption-text\">Auch Hunde lieben den Garten.<\/p><\/div>\n<div id=\"attachment_99\" style=\"width: 310px\" class=\"wp-caption alignleft\"><a href=\"https:\/\/aber-natuerlich.de\/magazin\/wp-content\/uploads\/2013\/01\/garten-blumenhecke-10.jpg\"><img loading=\"lazy\" decoding=\"async\" aria-describedby=\"caption-attachment-99\" class=\"size-medium wp-image-99\" title=\"Bunte Blumen schm\u00fccken den Garten.\" alt=\"Sch\u00f6ne Blumen sind im Garten\" src=\"https:\/\/aber-natuerlich.de\/magazin\/wp-content\/uploads\/2013\/01\/garten-blumenhecke-10-300x210.jpg\" width=\"300\" height=\"210\" srcset=\"https:\/\/aber-natuerlich.de\/magazin\/wp-content\/uploads\/2013\/01\/garten-blumenhecke-10-300x210.jpg 300w, https:\/\/aber-natuerlich.de\/magazin\/wp-content\/uploads\/2013\/01\/garten-blumenhecke-10-1024x717.jpg 1024w\" sizes=\"auto, (max-width: 300px) 100vw, 300px\" \/><\/a><p id=\"caption-attachment-99\" class=\"wp-caption-text\">Bunte Blumen schm\u00fccken den Garten.<\/p><\/div>\n","protected":false},"excerpt":{"rendered":"<p>Ein kleiner Spaziergang durch den eigenen Garten kann richtig erholsam sein. \u00dcberall gibt es etwas zu entdecken. Sch\u00f6ne Blumen, Tiere und viel frische Luft. Wer sich und seinen Kindern die Natur in sein Wohnzimmer holen m\u00f6chte, findet hier gratis Malvorlagen zum Thema Garten.<\/p>\n","protected":false},"author":2,"featured_media":0,"comment_status":"open","ping_status":"open","sticky":false,"template":"","format":"standard","meta":{"footnotes":""},"categories":[4],"tags":[11,7,6,9,10,8,12],"class_list":["post-89","post","type-post","status-publish","format-standard","hentry","category-ausmalbilder","tag-apfel","tag-blumen","tag-garten","tag-hund","tag-katze","tag-tiere","tag-wurm"],"_links":{"self":[{"href":"https:\/\/aber-natuerlich.de\/magazin\/wp-json\/wp\/v2\/posts\/89","targetHints":{"allow":["GET"]}}],"collection":[{"href":"https:\/\/aber-natuerlich.de\/magazin\/wp-json\/wp\/v2\/posts"}],"about":[{"href":"https:\/\/aber-natuerlich.de\/magazin\/wp-json\/wp\/v2\/types\/post"}],"author":[{"embeddable":true,"href":"https:\/\/aber-natuerlich.de\/magazin\/wp-json\/wp\/v2\/users\/2"}],"replies":[{"embeddable":true,"href":"https:\/\/aber-natuerlich.de\/magazin\/wp-json\/wp\/v2\/comments?post=89"}],"version-history":[{"count":7,"href":"https:\/\/aber-natuerlich.de\/magazin\/wp-json\/wp\/v2\/posts\/89\/revisions"}],"predecessor-version":[{"id":101,"href":"https:\/\/aber-natuerlich.de\/magazin\/wp-json\/wp\/v2\/posts\/89\/revisions\/101"}],"wp:attachment":[{"href":"https:\/\/aber-natuerlich.de\/magazin\/wp-json\/wp\/v2\/media?parent=89"}],"wp:term":[{"taxonomy":"category","embeddable":true,"href":"https:\/\/aber-natuerlich.de\/magazin\/wp-json\/wp\/v2\/categories?post=89"},{"taxonomy":"post_tag","embeddable":true,"href":"https:\/\/aber-natuerlich.de\/magazin\/wp-json\/wp\/v2\/tags?post=89"}],"curies":[{"name":"wp","href":"https:\/\/api.w.org\/{rel}","templated":true}]}}